{"id":62447,"date":"2020-03-09T09:05:26","date_gmt":"2020-03-09T08:05:26","guid":{"rendered":"https:\/\/radio.umh.es\/?p=62447"},"modified":"2020-03-04T14:39:35","modified_gmt":"2020-03-04T13:39:35","slug":"4x88-salida-al-ies-el-carmen-de-murcia-hablamos-sobre-artistas-emergentes-hablamos-con-el-ganador-de-un-accesit-y-escuchamos-musica-jazz-en-despierta-umh-9-de-marzo-de-2020","status":"publish","type":"post","link":"https:\/\/radio.umh.es\/en\/2020\/03\/09\/4x88-salida-al-ies-el-carmen-de-murcia-hablamos-sobre-artistas-emergentes-hablamos-con-el-ganador-de-un-accesit-y-escuchamos-musica-jazz-en-despierta-umh-9-de-marzo-de-2020\/","title":{"rendered":"<span lang=\"es\">(Espa\u00f1ol) 4&#215;88 Salida al IES El Carmen de Murcia hablamos sobre artistas emergentes, hablamos con el ganador de un acc\u00e9sit y escuchamos m\u00fasica Jazz, en Despierta UMH. 9 de marzo de 2020<\/span>"},"content":{"rendered":"<p class=\"qtranxs-available-languages-message qtranxs-available-languages-message-en\">Sorry, this entry is only available in <a href=\"https:\/\/radio.umh.es\/es\/wp-json\/wp\/v2\/posts\/62447\" class=\"qtranxs-available-language-link qtranxs-available-language-link-es\" title=\"Espa\u00f1ol\">European Spanish<\/a>.<\/p>","protected":false},"excerpt":{"rendered":"<p>Sorry, this entry is only available in European Spanish.<\/p>\n","protected":false},"author":3099,"featured_media":0,"comment_status":"closed","ping_status":"open","sticky":false,"template":"","format":"standard","meta":{"ngg_post_thumbnail":0,"_links_to":"","_links_to_target":""},"categories":[66047],"tags":[285435,41815,285429,285438,3766,285441,2278,285432],"publishpress_future_action":{"enabled":false,"date":"1970-01-01 01:00:00","action":"","terms":[],"taxonomy":"","browser_timezone_offset":0},"_links":{"self":[{"href":"https:\/\/radio.umh.es\/en\/wp-json\/wp\/v2\/posts\/62447"}],"collection":[{"href":"https:\/\/radio.umh.es\/en\/wp-json\/wp\/v2\/posts"}],"about":[{"href":"https:\/\/radio.umh.es\/en\/wp-json\/wp\/v2\/types\/post"}],"author":[{"embeddable":true,"href":"https:\/\/radio.umh.es\/en\/wp-json\/wp\/v2\/users\/3099"}],"replies":[{"embeddable":true,"href":"https:\/\/radio.umh.es\/en\/wp-json\/wp\/v2\/comments?post=62447"}],"version-history":[{"count":0,"href":"https:\/\/radio.umh.es\/en\/wp-json\/wp\/v2\/posts\/62447\/revisions"}],"wp:attachment":[{"href":"https:\/\/radio.umh.es\/en\/wp-json\/wp\/v2\/media?parent=62447"}],"wp:term":[{"taxonomy":"category","embeddable":true,"href":"https:\/\/radio.umh.es\/en\/wp-json\/wp\/v2\/categories?post=62447"},{"taxonomy":"post_tag","embeddable":true,"href":"https:\/\/radio.umh.es\/en\/wp-json\/wp\/v2\/tags?post=62447"}],"curies":[{"name":"wp","href":"https:\/\/api.w.org\/{rel}","templated":true}]}}