{"id":63329,"date":"2020-03-25T14:15:09","date_gmt":"2020-03-25T13:15:09","guid":{"rendered":"https:\/\/radio.umh.es\/?p=63329"},"modified":"2020-03-25T14:29:18","modified_gmt":"2020-03-25T13:29:18","slug":"la-carpa-medica-en-el-campus-de-sant-joan-dalacant-para-la-realizacion-de-pruebas-por-el-covid-19-en-informativos-umh-25-de-marzo-de-2020","status":"publish","type":"post","link":"https:\/\/radio.umh.es\/en\/2020\/03\/25\/la-carpa-medica-en-el-campus-de-sant-joan-dalacant-para-la-realizacion-de-pruebas-por-el-covid-19-en-informativos-umh-25-de-marzo-de-2020\/","title":{"rendered":"<span lang=\"es\">(Espa\u00f1ol) La carpa m\u00e9dica en el campus de Sant Joan d&#8217;Alacant para la realizaci\u00f3n de pruebas por el COVID-19, en &#8220;Informativos UMH&#8221;, 25 de marzo de 2020<\/span>"},"content":{"rendered":"<p class=\"qtranxs-available-languages-message qtranxs-available-languages-message-en\">Sorry, this entry is only available in <a href=\"https:\/\/radio.umh.es\/es\/wp-json\/wp\/v2\/posts\/63329\" class=\"qtranxs-available-language-link qtranxs-available-language-link-es\" title=\"Espa\u00f1ol\">European Spanish<\/a>.<\/p>","protected":false},"excerpt":{"rendered":"<p>Sorry, this entry is only available in European Spanish.<\/p>\n","protected":false},"author":4859,"featured_media":0,"comment_status":"closed","ping_status":"open","sticky":false,"template":"","format":"standard","meta":{"ngg_post_thumbnail":0,"_links_to":"","_links_to_target":""},"categories":[3878],"tags":[285818,285821,2918,55107],"publishpress_future_action":{"enabled":false,"date":"1970-01-01 01:00:00","action":"","terms":[],"taxonomy":"","browser_timezone_offset":0},"_links":{"self":[{"href":"https:\/\/radio.umh.es\/en\/wp-json\/wp\/v2\/posts\/63329"}],"collection":[{"href":"https:\/\/radio.umh.es\/en\/wp-json\/wp\/v2\/posts"}],"about":[{"href":"https:\/\/radio.umh.es\/en\/wp-json\/wp\/v2\/types\/post"}],"author":[{"embeddable":true,"href":"https:\/\/radio.umh.es\/en\/wp-json\/wp\/v2\/users\/4859"}],"replies":[{"embeddable":true,"href":"https:\/\/radio.umh.es\/en\/wp-json\/wp\/v2\/comments?post=63329"}],"version-history":[{"count":0,"href":"https:\/\/radio.umh.es\/en\/wp-json\/wp\/v2\/posts\/63329\/revisions"}],"wp:attachment":[{"href":"https:\/\/radio.umh.es\/en\/wp-json\/wp\/v2\/media?parent=63329"}],"wp:term":[{"taxonomy":"category","embeddable":true,"href":"https:\/\/radio.umh.es\/en\/wp-json\/wp\/v2\/categories?post=63329"},{"taxonomy":"post_tag","embeddable":true,"href":"https:\/\/radio.umh.es\/en\/wp-json\/wp\/v2\/tags?post=63329"}],"curies":[{"name":"wp","href":"https:\/\/api.w.org\/{rel}","templated":true}]}}