{"id":64320,"date":"2020-06-04T14:15:28","date_gmt":"2020-06-04T12:15:28","guid":{"rendered":"https:\/\/radio.umh.es\/?p=64320"},"modified":"2020-07-02T09:42:33","modified_gmt":"2020-07-02T07:42:33","slug":"la-apertura-de-las-pistas-de-tenis-y-padel-de-la-universidad-miguel-hernandez-en-informativos-umh-4-de-junio-de-2020","status":"publish","type":"post","link":"https:\/\/radio.umh.es\/en\/2020\/06\/04\/la-apertura-de-las-pistas-de-tenis-y-padel-de-la-universidad-miguel-hernandez-en-informativos-umh-4-de-junio-de-2020\/","title":{"rendered":"<span lang=\"es\">(Espa\u00f1ol) La apertura de las pistas de tenis y p\u00e1del de la Universidad Miguel Hern\u00e1ndez , en \u00abInformativos UMH\u00bb, 4 de junio de 2020<\/span>"},"content":{"rendered":"<p class=\"qtranxs-available-languages-message qtranxs-available-languages-message-en\">Sorry, this entry is only available in <a href=\"https:\/\/radio.umh.es\/es\/wp-json\/wp\/v2\/posts\/64320\" class=\"qtranxs-available-language-link qtranxs-available-language-link-es\" title=\"Espa\u00f1ol\">European Spanish<\/a>.<\/p>","protected":false},"excerpt":{"rendered":"<p>Sorry, this entry is only available in European Spanish.<\/p>\n","protected":false},"author":4859,"featured_media":0,"comment_status":"closed","ping_status":"open","sticky":false,"template":"","format":"standard","meta":{"ngg_post_thumbnail":0,"_links_to":"","_links_to_target":""},"categories":[3878],"tags":[47665,475,147,55107,391,286791],"publishpress_future_action":{"enabled":false,"date":"1970-01-01 01:00:00","action":"","terms":[],"taxonomy":"","browser_timezone_offset":0},"_links":{"self":[{"href":"https:\/\/radio.umh.es\/en\/wp-json\/wp\/v2\/posts\/64320"}],"collection":[{"href":"https:\/\/radio.umh.es\/en\/wp-json\/wp\/v2\/posts"}],"about":[{"href":"https:\/\/radio.umh.es\/en\/wp-json\/wp\/v2\/types\/post"}],"author":[{"embeddable":true,"href":"https:\/\/radio.umh.es\/en\/wp-json\/wp\/v2\/users\/4859"}],"replies":[{"embeddable":true,"href":"https:\/\/radio.umh.es\/en\/wp-json\/wp\/v2\/comments?post=64320"}],"version-history":[{"count":0,"href":"https:\/\/radio.umh.es\/en\/wp-json\/wp\/v2\/posts\/64320\/revisions"}],"wp:attachment":[{"href":"https:\/\/radio.umh.es\/en\/wp-json\/wp\/v2\/media?parent=64320"}],"wp:term":[{"taxonomy":"category","embeddable":true,"href":"https:\/\/radio.umh.es\/en\/wp-json\/wp\/v2\/categories?post=64320"},{"taxonomy":"post_tag","embeddable":true,"href":"https:\/\/radio.umh.es\/en\/wp-json\/wp\/v2\/tags?post=64320"}],"curies":[{"name":"wp","href":"https:\/\/api.w.org\/{rel}","templated":true}]}}