{"id":64490,"date":"2020-06-18T14:15:14","date_gmt":"2020-06-18T12:15:14","guid":{"rendered":"https:\/\/radio.umh.es\/?p=64490"},"modified":"2020-09-29T08:55:53","modified_gmt":"2020-09-29T06:55:53","slug":"la-participacion-del-profesor-de-la-umh-ildefonso-hernandez-en-la-comision-para-la-reconstruccion-social-y-economica-del-congreso-de-los-diputados-en-informativos-umh-18-de-junio-de-20","status":"publish","type":"post","link":"https:\/\/radio.umh.es\/en\/2020\/06\/18\/la-participacion-del-profesor-de-la-umh-ildefonso-hernandez-en-la-comision-para-la-reconstruccion-social-y-economica-del-congreso-de-los-diputados-en-informativos-umh-18-de-junio-de-20\/","title":{"rendered":"<span lang=\"es\">(Espa\u00f1ol) La participaci\u00f3n del profesor de la UMH Ildefonso Hern\u00e1ndez en la Comisi\u00f3n para la Reconstrucci\u00f3n Social y Econ\u00f3mica del Congreso de los Diputados. , en \u00abInformativos UMH\u00bb, 18 de junio de 2020<\/span>"},"content":{"rendered":"<p class=\"qtranxs-available-languages-message qtranxs-available-languages-message-en\">Sorry, this entry is only available in <a href=\"https:\/\/radio.umh.es\/es\/wp-json\/wp\/v2\/posts\/64490\" class=\"qtranxs-available-language-link qtranxs-available-language-link-es\" title=\"Espa\u00f1ol\">European Spanish<\/a>.<\/p>","protected":false},"excerpt":{"rendered":"<p>Sorry, this entry is only available in European Spanish.<\/p>\n","protected":false},"author":4859,"featured_media":0,"comment_status":"closed","ping_status":"open","sticky":false,"template":"","format":"standard","meta":{"ngg_post_thumbnail":0,"_links_to":"","_links_to_target":""},"categories":[3878],"tags":[188,286890,38995,286887],"publishpress_future_action":{"enabled":false,"date":"1970-01-01 01:00:00","action":"","terms":[],"taxonomy":"","browser_timezone_offset":0},"_links":{"self":[{"href":"https:\/\/radio.umh.es\/en\/wp-json\/wp\/v2\/posts\/64490"}],"collection":[{"href":"https:\/\/radio.umh.es\/en\/wp-json\/wp\/v2\/posts"}],"about":[{"href":"https:\/\/radio.umh.es\/en\/wp-json\/wp\/v2\/types\/post"}],"author":[{"embeddable":true,"href":"https:\/\/radio.umh.es\/en\/wp-json\/wp\/v2\/users\/4859"}],"replies":[{"embeddable":true,"href":"https:\/\/radio.umh.es\/en\/wp-json\/wp\/v2\/comments?post=64490"}],"version-history":[{"count":0,"href":"https:\/\/radio.umh.es\/en\/wp-json\/wp\/v2\/posts\/64490\/revisions"}],"wp:attachment":[{"href":"https:\/\/radio.umh.es\/en\/wp-json\/wp\/v2\/media?parent=64490"}],"wp:term":[{"taxonomy":"category","embeddable":true,"href":"https:\/\/radio.umh.es\/en\/wp-json\/wp\/v2\/categories?post=64490"},{"taxonomy":"post_tag","embeddable":true,"href":"https:\/\/radio.umh.es\/en\/wp-json\/wp\/v2\/tags?post=64490"}],"curies":[{"name":"wp","href":"https:\/\/api.w.org\/{rel}","templated":true}]}}