{"id":67748,"date":"2021-01-18T14:40:51","date_gmt":"2021-01-18T13:40:51","guid":{"rendered":"https:\/\/radio.umh.es\/?p=67748"},"modified":"2021-01-18T14:40:51","modified_gmt":"2021-01-18T13:40:51","slug":"medidas-de-prevencion-de-contagios-por-covid-19-durante-el-periodo-de-examenes-en-informativos-umh-18-de-enero-de-2021","status":"publish","type":"post","link":"https:\/\/radio.umh.es\/en\/2021\/01\/18\/medidas-de-prevencion-de-contagios-por-covid-19-durante-el-periodo-de-examenes-en-informativos-umh-18-de-enero-de-2021\/","title":{"rendered":"<span lang=\"es\">(Espa\u00f1ol) Medidas de prevenci\u00f3n de contagios por COVID-19 durante el periodo de ex\u00e1menes, en \u201cInformativos UMH\u201d, 18 de enero de 2021<\/span>"},"content":{"rendered":"<p class=\"qtranxs-available-languages-message qtranxs-available-languages-message-en\">Sorry, this entry is only available in <a href=\"https:\/\/radio.umh.es\/es\/wp-json\/wp\/v2\/posts\/67748\" class=\"qtranxs-available-language-link qtranxs-available-language-link-es\" title=\"Espa\u00f1ol\">European Spanish<\/a>.<\/p>","protected":false},"excerpt":{"rendered":"<p>Sorry, this entry is only available in European Spanish.<\/p>\n","protected":false},"author":5781,"featured_media":0,"comment_status":"closed","ping_status":"open","sticky":false,"template":"","format":"standard","meta":{"ngg_post_thumbnail":0,"_links_to":"","_links_to_target":""},"categories":[3878],"tags":[38929,295932,285731,2180,585,283532,72155],"publishpress_future_action":{"enabled":false,"date":"1970-01-01 01:00:00","action":"","terms":[],"taxonomy":"","browser_timezone_offset":0},"_links":{"self":[{"href":"https:\/\/radio.umh.es\/en\/wp-json\/wp\/v2\/posts\/67748"}],"collection":[{"href":"https:\/\/radio.umh.es\/en\/wp-json\/wp\/v2\/posts"}],"about":[{"href":"https:\/\/radio.umh.es\/en\/wp-json\/wp\/v2\/types\/post"}],"author":[{"embeddable":true,"href":"https:\/\/radio.umh.es\/en\/wp-json\/wp\/v2\/users\/5781"}],"replies":[{"embeddable":true,"href":"https:\/\/radio.umh.es\/en\/wp-json\/wp\/v2\/comments?post=67748"}],"version-history":[{"count":0,"href":"https:\/\/radio.umh.es\/en\/wp-json\/wp\/v2\/posts\/67748\/revisions"}],"wp:attachment":[{"href":"https:\/\/radio.umh.es\/en\/wp-json\/wp\/v2\/media?parent=67748"}],"wp:term":[{"taxonomy":"category","embeddable":true,"href":"https:\/\/radio.umh.es\/en\/wp-json\/wp\/v2\/categories?post=67748"},{"taxonomy":"post_tag","embeddable":true,"href":"https:\/\/radio.umh.es\/en\/wp-json\/wp\/v2\/tags?post=67748"}],"curies":[{"name":"wp","href":"https:\/\/api.w.org\/{rel}","templated":true}]}}