{"id":69409,"date":"2021-03-30T13:18:40","date_gmt":"2021-03-30T11:18:40","guid":{"rendered":"https:\/\/radio.umh.es\/?p=69409"},"modified":"2021-03-30T13:41:14","modified_gmt":"2021-03-30T11:41:14","slug":"la-umh-presenta-la-estacion-de-medida-atmosferica-para-analizar-la-presencia-de-covid-19-en-elche-en-informativos-umh-30-de-marzo-de-2021","status":"publish","type":"post","link":"https:\/\/radio.umh.es\/en\/2021\/03\/30\/la-umh-presenta-la-estacion-de-medida-atmosferica-para-analizar-la-presencia-de-covid-19-en-elche-en-informativos-umh-30-de-marzo-de-2021\/","title":{"rendered":"<span lang=\"es\">(Espa\u00f1ol) La UMH presenta la estaci\u00f3n de medida atmosf\u00e9rica para analizar la presencia de Covid-19 en Elche, en &#8220;Informativos UMH&#8221;, 30 de marzo de 2021<\/span>"},"content":{"rendered":"<p class=\"qtranxs-available-languages-message qtranxs-available-languages-message-en\">Sorry, this entry is only available in <a href=\"https:\/\/radio.umh.es\/es\/wp-json\/wp\/v2\/posts\/69409\" class=\"qtranxs-available-language-link qtranxs-available-language-link-es\" title=\"Espa\u00f1ol\">European Spanish<\/a>.<\/p>","protected":false},"excerpt":{"rendered":"<p>Sorry, this entry is only available in European Spanish.<\/p>\n","protected":false},"author":5781,"featured_media":0,"comment_status":"closed","ping_status":"open","sticky":false,"template":"","format":"standard","meta":{"ngg_post_thumbnail":0,"_links_to":"","_links_to_target":""},"categories":[3878],"tags":[420235,420228,285731,420238,420225],"publishpress_future_action":{"enabled":false,"date":"1970-01-01 01:00:00","action":"","terms":[],"taxonomy":"","browser_timezone_offset":0},"_links":{"self":[{"href":"https:\/\/radio.umh.es\/en\/wp-json\/wp\/v2\/posts\/69409"}],"collection":[{"href":"https:\/\/radio.umh.es\/en\/wp-json\/wp\/v2\/posts"}],"about":[{"href":"https:\/\/radio.umh.es\/en\/wp-json\/wp\/v2\/types\/post"}],"author":[{"embeddable":true,"href":"https:\/\/radio.umh.es\/en\/wp-json\/wp\/v2\/users\/5781"}],"replies":[{"embeddable":true,"href":"https:\/\/radio.umh.es\/en\/wp-json\/wp\/v2\/comments?post=69409"}],"version-history":[{"count":0,"href":"https:\/\/radio.umh.es\/en\/wp-json\/wp\/v2\/posts\/69409\/revisions"}],"wp:attachment":[{"href":"https:\/\/radio.umh.es\/en\/wp-json\/wp\/v2\/media?parent=69409"}],"wp:term":[{"taxonomy":"category","embeddable":true,"href":"https:\/\/radio.umh.es\/en\/wp-json\/wp\/v2\/categories?post=69409"},{"taxonomy":"post_tag","embeddable":true,"href":"https:\/\/radio.umh.es\/en\/wp-json\/wp\/v2\/tags?post=69409"}],"curies":[{"name":"wp","href":"https:\/\/api.w.org\/{rel}","templated":true}]}}