{"id":73896,"date":"2021-12-03T13:35:28","date_gmt":"2021-12-03T12:35:28","guid":{"rendered":"https:\/\/radio.umh.es\/?p=73896"},"modified":"2021-11-03T12:34:15","modified_gmt":"2021-11-03T11:34:15","slug":"celulas-madre-mesenquimales-de-la-medula-osea-adulta-en-la-ciencia-que-viene-3-de-diciembre-de-2021","status":"publish","type":"post","link":"https:\/\/radio.umh.es\/en\/2021\/12\/03\/celulas-madre-mesenquimales-de-la-medula-osea-adulta-en-la-ciencia-que-viene-3-de-diciembre-de-2021\/","title":{"rendered":"<span lang=\"es\">(Espa\u00f1ol) C\u00e9lulas madre mesenquimales de la m\u00e9dula \u00f3sea adulta en &#8220;La Ciencia que viene&#8221;, 3 de diciembre de 2021<\/span>"},"content":{"rendered":"<p class=\"qtranxs-available-languages-message qtranxs-available-languages-message-en\">Sorry, this entry is only available in <a href=\"https:\/\/radio.umh.es\/es\/wp-json\/wp\/v2\/posts\/73896\" class=\"qtranxs-available-language-link qtranxs-available-language-link-es\" title=\"Espa\u00f1ol\">European Spanish<\/a>.<\/p>","protected":false},"excerpt":{"rendered":"<p>Sorry, this entry is only available in European Spanish.<\/p>\n","protected":false},"author":306,"featured_media":0,"comment_status":"closed","ping_status":"open","sticky":false,"template":"","format":"standard","meta":{"ngg_post_thumbnail":0,"_links_to":"","_links_to_target":""},"categories":[288219],"tags":[],"publishpress_future_action":{"enabled":false,"date":"1970-01-01 01:00:00","action":"","terms":[],"taxonomy":"","browser_timezone_offset":0},"_links":{"self":[{"href":"https:\/\/radio.umh.es\/en\/wp-json\/wp\/v2\/posts\/73896"}],"collection":[{"href":"https:\/\/radio.umh.es\/en\/wp-json\/wp\/v2\/posts"}],"about":[{"href":"https:\/\/radio.umh.es\/en\/wp-json\/wp\/v2\/types\/post"}],"author":[{"embeddable":true,"href":"https:\/\/radio.umh.es\/en\/wp-json\/wp\/v2\/users\/306"}],"replies":[{"embeddable":true,"href":"https:\/\/radio.umh.es\/en\/wp-json\/wp\/v2\/comments?post=73896"}],"version-history":[{"count":0,"href":"https:\/\/radio.umh.es\/en\/wp-json\/wp\/v2\/posts\/73896\/revisions"}],"wp:attachment":[{"href":"https:\/\/radio.umh.es\/en\/wp-json\/wp\/v2\/media?parent=73896"}],"wp:term":[{"taxonomy":"category","embeddable":true,"href":"https:\/\/radio.umh.es\/en\/wp-json\/wp\/v2\/categories?post=73896"},{"taxonomy":"post_tag","embeddable":true,"href":"https:\/\/radio.umh.es\/en\/wp-json\/wp\/v2\/tags?post=73896"}],"curies":[{"name":"wp","href":"https:\/\/api.w.org\/{rel}","templated":true}]}}