{"id":74485,"date":"2021-11-16T12:35:50","date_gmt":"2021-11-16T11:35:50","guid":{"rendered":"https:\/\/radio.umh.es\/?p=74485"},"modified":"2021-11-16T12:51:11","modified_gmt":"2021-11-16T11:51:11","slug":"pedro-gonzalez-martin-el-pilar-europeo-de-derechos-sociales-dota-de-alma-a-la-union-europea-en-somos-periodistas-16-de-noviembre-de-2021","status":"publish","type":"post","link":"https:\/\/radio.umh.es\/en\/2021\/11\/16\/pedro-gonzalez-martin-el-pilar-europeo-de-derechos-sociales-dota-de-alma-a-la-union-europea-en-somos-periodistas-16-de-noviembre-de-2021\/","title":{"rendered":"<span lang=\"es\">(Espa\u00f1ol) Pedro Gonz\u00e1lez Mart\u00edn: \u201cEl Pilar europeo de derechos sociales dota de alma a la Uni\u00f3n Europea\u201d, en \u00abSomos Periodistas\u00bb, 16 de noviembre de 2021<\/span>"},"content":{"rendered":"<p class=\"qtranxs-available-languages-message qtranxs-available-languages-message-en\">Sorry, this entry is only available in <a href=\"https:\/\/radio.umh.es\/es\/wp-json\/wp\/v2\/posts\/74485\" class=\"qtranxs-available-language-link qtranxs-available-language-link-es\" title=\"Espa\u00f1ol\">European Spanish<\/a>.<\/p>","protected":false},"excerpt":{"rendered":"<p>Sorry, this entry is only available in European Spanish.<\/p>\n","protected":false},"author":6331,"featured_media":0,"comment_status":"closed","ping_status":"open","sticky":false,"template":"","format":"standard","meta":{"ngg_post_thumbnail":0,"_links_to":"","_links_to_target":""},"categories":[287453],"tags":[556,3666,55111,41798],"publishpress_future_action":{"enabled":false,"date":"1970-01-01 01:00:00","action":"","terms":[],"taxonomy":"","browser_timezone_offset":0},"_links":{"self":[{"href":"https:\/\/radio.umh.es\/en\/wp-json\/wp\/v2\/posts\/74485"}],"collection":[{"href":"https:\/\/radio.umh.es\/en\/wp-json\/wp\/v2\/posts"}],"about":[{"href":"https:\/\/radio.umh.es\/en\/wp-json\/wp\/v2\/types\/post"}],"author":[{"embeddable":true,"href":"https:\/\/radio.umh.es\/en\/wp-json\/wp\/v2\/users\/6331"}],"replies":[{"embeddable":true,"href":"https:\/\/radio.umh.es\/en\/wp-json\/wp\/v2\/comments?post=74485"}],"version-history":[{"count":0,"href":"https:\/\/radio.umh.es\/en\/wp-json\/wp\/v2\/posts\/74485\/revisions"}],"wp:attachment":[{"href":"https:\/\/radio.umh.es\/en\/wp-json\/wp\/v2\/media?parent=74485"}],"wp:term":[{"taxonomy":"category","embeddable":true,"href":"https:\/\/radio.umh.es\/en\/wp-json\/wp\/v2\/categories?post=74485"},{"taxonomy":"post_tag","embeddable":true,"href":"https:\/\/radio.umh.es\/en\/wp-json\/wp\/v2\/tags?post=74485"}],"curies":[{"name":"wp","href":"https:\/\/api.w.org\/{rel}","templated":true}]}}