{"id":77326,"date":"2022-02-21T11:05:50","date_gmt":"2022-02-21T10:05:50","guid":{"rendered":"https:\/\/radio.umh.es\/?p=77326"},"modified":"2022-02-21T10:57:47","modified_gmt":"2022-02-21T09:57:47","slug":"la-umh-organiza-una-jornada-de-empleo-para-las-titulaciones-de-la-escuela-politecnica-superior-de-orihuela-en-el-boletin-informativo-del-21-de-febrero-de-2022","status":"publish","type":"post","link":"https:\/\/radio.umh.es\/en\/2022\/02\/21\/la-umh-organiza-una-jornada-de-empleo-para-las-titulaciones-de-la-escuela-politecnica-superior-de-orihuela-en-el-boletin-informativo-del-21-de-febrero-de-2022\/","title":{"rendered":"<span lang=\"es\">(Espa\u00f1ol) La UMH organiza una Jornada de Empleo para las titulaciones de la Escuela Polit\u00e9cnica Superior de Orihuela, en el &#8220;Bolet\u00edn Informativo&#8221; del 21 de febrero de 2022<\/span>"},"content":{"rendered":"<p class=\"qtranxs-available-languages-message qtranxs-available-languages-message-en\">Sorry, this entry is only available in <a href=\"https:\/\/radio.umh.es\/es\/wp-json\/wp\/v2\/posts\/77326\" class=\"qtranxs-available-language-link qtranxs-available-language-link-es\" title=\"Espa\u00f1ol\">European Spanish<\/a>.<\/p>","protected":false},"excerpt":{"rendered":"<p>Sorry, this entry is only available in European Spanish.<\/p>\n","protected":false},"author":16862,"featured_media":0,"comment_status":"closed","ping_status":"open","sticky":false,"template":"","format":"standard","meta":{"ngg_post_thumbnail":0,"_links_to":"","_links_to_target":""},"categories":[725269],"tags":[],"publishpress_future_action":{"enabled":false,"date":"1970-01-01 01:00:00","action":"","terms":[],"taxonomy":"","browser_timezone_offset":0},"_links":{"self":[{"href":"https:\/\/radio.umh.es\/en\/wp-json\/wp\/v2\/posts\/77326"}],"collection":[{"href":"https:\/\/radio.umh.es\/en\/wp-json\/wp\/v2\/posts"}],"about":[{"href":"https:\/\/radio.umh.es\/en\/wp-json\/wp\/v2\/types\/post"}],"author":[{"embeddable":true,"href":"https:\/\/radio.umh.es\/en\/wp-json\/wp\/v2\/users\/16862"}],"replies":[{"embeddable":true,"href":"https:\/\/radio.umh.es\/en\/wp-json\/wp\/v2\/comments?post=77326"}],"version-history":[{"count":0,"href":"https:\/\/radio.umh.es\/en\/wp-json\/wp\/v2\/posts\/77326\/revisions"}],"wp:attachment":[{"href":"https:\/\/radio.umh.es\/en\/wp-json\/wp\/v2\/media?parent=77326"}],"wp:term":[{"taxonomy":"category","embeddable":true,"href":"https:\/\/radio.umh.es\/en\/wp-json\/wp\/v2\/categories?post=77326"},{"taxonomy":"post_tag","embeddable":true,"href":"https:\/\/radio.umh.es\/en\/wp-json\/wp\/v2\/tags?post=77326"}],"curies":[{"name":"wp","href":"https:\/\/api.w.org\/{rel}","templated":true}]}}