{"id":79322,"date":"2022-04-27T09:34:35","date_gmt":"2022-04-27T07:34:35","guid":{"rendered":"https:\/\/radio.umh.es\/?p=79322"},"modified":"2022-04-27T09:35:37","modified_gmt":"2022-04-27T07:35:37","slug":"la-umh-colabora-en-una-jornada-con-motivo-del-dia-internacional-de-concienciacion-sobre-el-ruido-en-el-26-de-abril-de-2022","status":"publish","type":"post","link":"https:\/\/radio.umh.es\/en\/2022\/04\/27\/la-umh-colabora-en-una-jornada-con-motivo-del-dia-internacional-de-concienciacion-sobre-el-ruido-en-el-26-de-abril-de-2022\/","title":{"rendered":"<span lang=\"es\">(Espa\u00f1ol) La UMH colabora en una Jornada con motivo del D\u00eda Internacional de Concienciaci\u00f3n sobre el Ruido, en &#8220;Bolet\u00edn Informativo&#8221;, el 26 de abril de 2022<\/span>"},"content":{"rendered":"<p class=\"qtranxs-available-languages-message qtranxs-available-languages-message-en\">Sorry, this entry is only available in <a href=\"https:\/\/radio.umh.es\/es\/wp-json\/wp\/v2\/posts\/79322\" class=\"qtranxs-available-language-link qtranxs-available-language-link-es\" title=\"Espa\u00f1ol\">European Spanish<\/a>.<\/p>","protected":false},"excerpt":{"rendered":"<p>Sorry, this entry is only available in European Spanish.<\/p>\n","protected":false},"author":17746,"featured_media":0,"comment_status":"closed","ping_status":"open","sticky":false,"template":"","format":"standard","meta":{"ngg_post_thumbnail":0,"_links_to":"","_links_to_target":""},"categories":[725269],"tags":[],"publishpress_future_action":{"enabled":false,"date":"1970-01-01 01:00:00","action":"","terms":[],"taxonomy":"","browser_timezone_offset":0},"_links":{"self":[{"href":"https:\/\/radio.umh.es\/en\/wp-json\/wp\/v2\/posts\/79322"}],"collection":[{"href":"https:\/\/radio.umh.es\/en\/wp-json\/wp\/v2\/posts"}],"about":[{"href":"https:\/\/radio.umh.es\/en\/wp-json\/wp\/v2\/types\/post"}],"author":[{"embeddable":true,"href":"https:\/\/radio.umh.es\/en\/wp-json\/wp\/v2\/users\/17746"}],"replies":[{"embeddable":true,"href":"https:\/\/radio.umh.es\/en\/wp-json\/wp\/v2\/comments?post=79322"}],"version-history":[{"count":0,"href":"https:\/\/radio.umh.es\/en\/wp-json\/wp\/v2\/posts\/79322\/revisions"}],"wp:attachment":[{"href":"https:\/\/radio.umh.es\/en\/wp-json\/wp\/v2\/media?parent=79322"}],"wp:term":[{"taxonomy":"category","embeddable":true,"href":"https:\/\/radio.umh.es\/en\/wp-json\/wp\/v2\/categories?post=79322"},{"taxonomy":"post_tag","embeddable":true,"href":"https:\/\/radio.umh.es\/en\/wp-json\/wp\/v2\/tags?post=79322"}],"curies":[{"name":"wp","href":"https:\/\/api.w.org\/{rel}","templated":true}]}}