{"id":79405,"date":"2022-04-28T13:48:56","date_gmt":"2022-04-28T11:48:56","guid":{"rendered":"https:\/\/radio.umh.es\/?p=79405"},"modified":"2023-01-11T08:56:46","modified_gmt":"2023-01-11T07:56:46","slug":"un-proyecto-de-cooperacion-de-la-umh-avanza-en-el-estudio-del-impacto-economico-del-parque-empresarial-de-holguin-cuba-en-informativos-umh-el-28-de-abril-de-2022","status":"publish","type":"post","link":"https:\/\/radio.umh.es\/en\/2022\/04\/28\/un-proyecto-de-cooperacion-de-la-umh-avanza-en-el-estudio-del-impacto-economico-del-parque-empresarial-de-holguin-cuba-en-informativos-umh-el-28-de-abril-de-2022\/","title":{"rendered":"<span lang=\"es\">(Espa\u00f1ol) Un proyecto de cooperaci\u00f3n de la UMH avanza en el estudio del impacto econ\u00f3mico del Parque Empresarial de Holgu\u00edn (Cuba), en Informativos UMH, el 28 de abril de 2022<\/span>"},"content":{"rendered":"<p class=\"qtranxs-available-languages-message qtranxs-available-languages-message-en\">Sorry, this entry is only available in <a href=\"https:\/\/radio.umh.es\/es\/wp-json\/wp\/v2\/posts\/79405\" class=\"qtranxs-available-language-link qtranxs-available-language-link-es\" title=\"Espa\u00f1ol\">European Spanish<\/a>.<\/p>","protected":false},"excerpt":{"rendered":"<p>Sorry, this entry is only available in European Spanish.<\/p>\n","protected":false},"author":18219,"featured_media":0,"comment_status":"closed","ping_status":"open","sticky":false,"template":"","format":"standard","meta":{"ngg_post_thumbnail":0,"_links_to":"","_links_to_target":""},"categories":[3878],"tags":[],"publishpress_future_action":{"enabled":false,"date":"1970-01-01 01:00:00","action":"","terms":[],"taxonomy":"","browser_timezone_offset":0},"_links":{"self":[{"href":"https:\/\/radio.umh.es\/en\/wp-json\/wp\/v2\/posts\/79405"}],"collection":[{"href":"https:\/\/radio.umh.es\/en\/wp-json\/wp\/v2\/posts"}],"about":[{"href":"https:\/\/radio.umh.es\/en\/wp-json\/wp\/v2\/types\/post"}],"author":[{"embeddable":true,"href":"https:\/\/radio.umh.es\/en\/wp-json\/wp\/v2\/users\/18219"}],"replies":[{"embeddable":true,"href":"https:\/\/radio.umh.es\/en\/wp-json\/wp\/v2\/comments?post=79405"}],"version-history":[{"count":0,"href":"https:\/\/radio.umh.es\/en\/wp-json\/wp\/v2\/posts\/79405\/revisions"}],"wp:attachment":[{"href":"https:\/\/radio.umh.es\/en\/wp-json\/wp\/v2\/media?parent=79405"}],"wp:term":[{"taxonomy":"category","embeddable":true,"href":"https:\/\/radio.umh.es\/en\/wp-json\/wp\/v2\/categories?post=79405"},{"taxonomy":"post_tag","embeddable":true,"href":"https:\/\/radio.umh.es\/en\/wp-json\/wp\/v2\/tags?post=79405"}],"curies":[{"name":"wp","href":"https:\/\/api.w.org\/{rel}","templated":true}]}}