{"id":80993,"date":"2022-07-13T12:35:02","date_gmt":"2022-07-13T10:35:02","guid":{"rendered":"https:\/\/radio.umh.es\/?p=80993"},"modified":"2022-06-22T09:44:56","modified_gmt":"2022-06-22T07:44:56","slug":"xviii-congreso-de-la-federacion-espanola-de-asociaciones-pro-lactancia-materna-fedalma-en-lactancia-y-universidad-en-13-de-julio-de-2022","status":"publish","type":"post","link":"https:\/\/radio.umh.es\/en\/2022\/07\/13\/xviii-congreso-de-la-federacion-espanola-de-asociaciones-pro-lactancia-materna-fedalma-en-lactancia-y-universidad-en-13-de-julio-de-2022\/","title":{"rendered":"<span lang=\"es\">(Espa\u00f1ol) XVIII Congreso de la Federaci\u00f3n Espa\u00f1ola de Asociaciones pro-Lactancia Materna &#8211; FEDALMA en \u00abLactancia y universidad\u00bb, en 13 de julio de 2022<\/span>"},"content":{"rendered":"<p class=\"qtranxs-available-languages-message qtranxs-available-languages-message-en\">Sorry, this entry is only available in <a href=\"https:\/\/radio.umh.es\/es\/wp-json\/wp\/v2\/posts\/80993\" class=\"qtranxs-available-language-link qtranxs-available-language-link-es\" title=\"Espa\u00f1ol\">European Spanish<\/a>.<\/p>","protected":false},"excerpt":{"rendered":"<p>Sorry, this entry is only available in European Spanish.<\/p>\n","protected":false},"author":18219,"featured_media":0,"comment_status":"closed","ping_status":"open","sticky":false,"template":"","format":"standard","meta":{"ngg_post_thumbnail":0,"_links_to":"","_links_to_target":""},"categories":[42740],"tags":[],"publishpress_future_action":{"enabled":false,"date":"1970-01-01 01:00:00","action":"","terms":[],"taxonomy":"","browser_timezone_offset":0},"_links":{"self":[{"href":"https:\/\/radio.umh.es\/en\/wp-json\/wp\/v2\/posts\/80993"}],"collection":[{"href":"https:\/\/radio.umh.es\/en\/wp-json\/wp\/v2\/posts"}],"about":[{"href":"https:\/\/radio.umh.es\/en\/wp-json\/wp\/v2\/types\/post"}],"author":[{"embeddable":true,"href":"https:\/\/radio.umh.es\/en\/wp-json\/wp\/v2\/users\/18219"}],"replies":[{"embeddable":true,"href":"https:\/\/radio.umh.es\/en\/wp-json\/wp\/v2\/comments?post=80993"}],"version-history":[{"count":0,"href":"https:\/\/radio.umh.es\/en\/wp-json\/wp\/v2\/posts\/80993\/revisions"}],"wp:attachment":[{"href":"https:\/\/radio.umh.es\/en\/wp-json\/wp\/v2\/media?parent=80993"}],"wp:term":[{"taxonomy":"category","embeddable":true,"href":"https:\/\/radio.umh.es\/en\/wp-json\/wp\/v2\/categories?post=80993"},{"taxonomy":"post_tag","embeddable":true,"href":"https:\/\/radio.umh.es\/en\/wp-json\/wp\/v2\/tags?post=80993"}],"curies":[{"name":"wp","href":"https:\/\/api.w.org\/{rel}","templated":true}]}}