{"id":81428,"date":"2022-07-12T11:24:15","date_gmt":"2022-07-12T09:24:15","guid":{"rendered":"https:\/\/radio.umh.es\/?p=81428"},"modified":"2022-07-12T11:37:07","modified_gmt":"2022-07-12T09:37:07","slug":"el-vicerrector-de-inclusion-sostenibilidad-y-deportes-de-la-umh-y-la-concejala-de-desarrollo-sostenible-movilidad-urbana-trafico-y-medio-ambiente-suscriben-el-convenio-para-la-anualidad-2023-para-e","status":"publish","type":"post","link":"https:\/\/radio.umh.es\/en\/2022\/07\/12\/el-vicerrector-de-inclusion-sostenibilidad-y-deportes-de-la-umh-y-la-concejala-de-desarrollo-sostenible-movilidad-urbana-trafico-y-medio-ambiente-suscriben-el-convenio-para-la-anualidad-2023-para-e\/","title":{"rendered":"<span lang=\"es\">(Espa\u00f1ol) El vicerrector de Inclusi\u00f3n, Sostenibilidad y Deportes de la UMH y la concejala de Desarrollo Sostenible, Movilidad Urbana, Tr\u00e1fico y Medio Ambiente suscriben el convenio para la anualidad 2023 para el estudio de la biodiversidad en Elche, en &#8220;Boletin Informativo UMH&#8221;, 12 de julio de 2022<\/span>"},"content":{"rendered":"<p class=\"qtranxs-available-languages-message qtranxs-available-languages-message-en\">Sorry, this entry is only available in <a href=\"https:\/\/radio.umh.es\/es\/wp-json\/wp\/v2\/posts\/81428\" class=\"qtranxs-available-language-link qtranxs-available-language-link-es\" title=\"Espa\u00f1ol\">European Spanish<\/a>.<\/p>","protected":false},"excerpt":{"rendered":"<p>Sorry, this entry is only available in European Spanish.<\/p>\n","protected":false},"author":11537,"featured_media":0,"comment_status":"closed","ping_status":"open","sticky":false,"template":"","format":"standard","meta":{"ngg_post_thumbnail":0,"_links_to":"","_links_to_target":""},"categories":[725269],"tags":[],"publishpress_future_action":{"enabled":false,"date":"1970-01-01 01:00:00","action":"","terms":[],"taxonomy":"","browser_timezone_offset":0},"_links":{"self":[{"href":"https:\/\/radio.umh.es\/en\/wp-json\/wp\/v2\/posts\/81428"}],"collection":[{"href":"https:\/\/radio.umh.es\/en\/wp-json\/wp\/v2\/posts"}],"about":[{"href":"https:\/\/radio.umh.es\/en\/wp-json\/wp\/v2\/types\/post"}],"author":[{"embeddable":true,"href":"https:\/\/radio.umh.es\/en\/wp-json\/wp\/v2\/users\/11537"}],"replies":[{"embeddable":true,"href":"https:\/\/radio.umh.es\/en\/wp-json\/wp\/v2\/comments?post=81428"}],"version-history":[{"count":0,"href":"https:\/\/radio.umh.es\/en\/wp-json\/wp\/v2\/posts\/81428\/revisions"}],"wp:attachment":[{"href":"https:\/\/radio.umh.es\/en\/wp-json\/wp\/v2\/media?parent=81428"}],"wp:term":[{"taxonomy":"category","embeddable":true,"href":"https:\/\/radio.umh.es\/en\/wp-json\/wp\/v2\/categories?post=81428"},{"taxonomy":"post_tag","embeddable":true,"href":"https:\/\/radio.umh.es\/en\/wp-json\/wp\/v2\/tags?post=81428"}],"curies":[{"name":"wp","href":"https:\/\/api.w.org\/{rel}","templated":true}]}}