{"id":83730,"date":"2022-11-17T11:10:16","date_gmt":"2022-11-17T10:10:16","guid":{"rendered":"https:\/\/radio.umh.es\/?p=83730"},"modified":"2022-11-17T11:35:54","modified_gmt":"2022-11-17T10:35:54","slug":"la-presentacion-del-libro-sobre-tratamiento-psicologico-con-ninos-y-adolescentes-en-informativos-umh-17-de-noviembre-de-2022","status":"publish","type":"post","link":"https:\/\/radio.umh.es\/en\/2022\/11\/17\/la-presentacion-del-libro-sobre-tratamiento-psicologico-con-ninos-y-adolescentes-en-informativos-umh-17-de-noviembre-de-2022\/","title":{"rendered":"<span lang=\"es\">(Espa\u00f1ol) La presentaci\u00f3n del libro sobre tratamiento psicol\u00f3gico con ni\u00f1os y adolescentes, en &#8220;Informativos UMH&#8221;, 17 de noviembre de 2022<\/span>"},"content":{"rendered":"<p class=\"qtranxs-available-languages-message qtranxs-available-languages-message-en\">Sorry, this entry is only available in <a href=\"https:\/\/radio.umh.es\/es\/wp-json\/wp\/v2\/posts\/83730\" class=\"qtranxs-available-language-link qtranxs-available-language-link-es\" title=\"Espa\u00f1ol\">European Spanish<\/a>.<\/p>","protected":false},"excerpt":{"rendered":"<p>Sorry, this entry is only available in European Spanish.<\/p>\n","protected":false},"author":16862,"featured_media":0,"comment_status":"closed","ping_status":"open","sticky":false,"template":"","format":"standard","meta":{"ngg_post_thumbnail":0,"_links_to":"","_links_to_target":""},"categories":[725269],"tags":[],"publishpress_future_action":{"enabled":false,"date":"1970-01-01 01:00:00","action":"","terms":[],"taxonomy":"","browser_timezone_offset":0},"_links":{"self":[{"href":"https:\/\/radio.umh.es\/en\/wp-json\/wp\/v2\/posts\/83730"}],"collection":[{"href":"https:\/\/radio.umh.es\/en\/wp-json\/wp\/v2\/posts"}],"about":[{"href":"https:\/\/radio.umh.es\/en\/wp-json\/wp\/v2\/types\/post"}],"author":[{"embeddable":true,"href":"https:\/\/radio.umh.es\/en\/wp-json\/wp\/v2\/users\/16862"}],"replies":[{"embeddable":true,"href":"https:\/\/radio.umh.es\/en\/wp-json\/wp\/v2\/comments?post=83730"}],"version-history":[{"count":0,"href":"https:\/\/radio.umh.es\/en\/wp-json\/wp\/v2\/posts\/83730\/revisions"}],"wp:attachment":[{"href":"https:\/\/radio.umh.es\/en\/wp-json\/wp\/v2\/media?parent=83730"}],"wp:term":[{"taxonomy":"category","embeddable":true,"href":"https:\/\/radio.umh.es\/en\/wp-json\/wp\/v2\/categories?post=83730"},{"taxonomy":"post_tag","embeddable":true,"href":"https:\/\/radio.umh.es\/en\/wp-json\/wp\/v2\/tags?post=83730"}],"curies":[{"name":"wp","href":"https:\/\/api.w.org\/{rel}","templated":true}]}}