{"id":84589,"date":"2022-12-13T15:05:13","date_gmt":"2022-12-13T14:05:13","guid":{"rendered":"https:\/\/radio.umh.es\/?p=84589"},"modified":"2022-12-13T13:24:24","modified_gmt":"2022-12-13T12:24:24","slug":"la-experiencia-del-primer-proyecto-de-alfabetizacion-mediatica-en-la-provincia-de-alicante-en-somos-periodistas-el-13-de-diciembre-de-2022","status":"publish","type":"post","link":"https:\/\/radio.umh.es\/en\/2022\/12\/13\/la-experiencia-del-primer-proyecto-de-alfabetizacion-mediatica-en-la-provincia-de-alicante-en-somos-periodistas-el-13-de-diciembre-de-2022\/","title":{"rendered":"<span lang=\"es\">(Espa\u00f1ol) La experiencia del primer proyecto de Alfabetizaci\u00f3n medi\u00e1tica en la provincia de Alicante, en &#8220;Somos Periodistas&#8221;, 13 de diciembre de 2022<\/span>"},"content":{"rendered":"<p class=\"qtranxs-available-languages-message qtranxs-available-languages-message-en\">Sorry, this entry is only available in <a href=\"https:\/\/radio.umh.es\/es\/wp-json\/wp\/v2\/posts\/84589\" class=\"qtranxs-available-language-link qtranxs-available-language-link-es\" title=\"Espa\u00f1ol\">European Spanish<\/a>.<\/p>","protected":false},"excerpt":{"rendered":"<p>Sorry, this entry is only available in European Spanish.<\/p>\n","protected":false},"author":11537,"featured_media":0,"comment_status":"closed","ping_status":"open","sticky":false,"template":"","format":"standard","meta":{"ngg_post_thumbnail":0,"_links_to":"","_links_to_target":""},"categories":[287453],"tags":[],"publishpress_future_action":{"enabled":false,"date":"1970-01-01 01:00:00","action":"","terms":[],"taxonomy":"","browser_timezone_offset":0},"_links":{"self":[{"href":"https:\/\/radio.umh.es\/en\/wp-json\/wp\/v2\/posts\/84589"}],"collection":[{"href":"https:\/\/radio.umh.es\/en\/wp-json\/wp\/v2\/posts"}],"about":[{"href":"https:\/\/radio.umh.es\/en\/wp-json\/wp\/v2\/types\/post"}],"author":[{"embeddable":true,"href":"https:\/\/radio.umh.es\/en\/wp-json\/wp\/v2\/users\/11537"}],"replies":[{"embeddable":true,"href":"https:\/\/radio.umh.es\/en\/wp-json\/wp\/v2\/comments?post=84589"}],"version-history":[{"count":0,"href":"https:\/\/radio.umh.es\/en\/wp-json\/wp\/v2\/posts\/84589\/revisions"}],"wp:attachment":[{"href":"https:\/\/radio.umh.es\/en\/wp-json\/wp\/v2\/media?parent=84589"}],"wp:term":[{"taxonomy":"category","embeddable":true,"href":"https:\/\/radio.umh.es\/en\/wp-json\/wp\/v2\/categories?post=84589"},{"taxonomy":"post_tag","embeddable":true,"href":"https:\/\/radio.umh.es\/en\/wp-json\/wp\/v2\/tags?post=84589"}],"curies":[{"name":"wp","href":"https:\/\/api.w.org\/{rel}","templated":true}]}}