{"id":85077,"date":"2022-11-30T13:15:25","date_gmt":"2022-11-30T12:15:25","guid":{"rendered":"https:\/\/radio.umh.es\/?p=85077"},"modified":"2023-01-12T09:44:38","modified_gmt":"2023-01-12T08:44:38","slug":"la-presentacion-del-libro-la-maraton-la-metafora-de-mi-vida-con-raul-reina-en-informativos-umh-30-de-noviembre-de-2022","status":"publish","type":"post","link":"https:\/\/radio.umh.es\/en\/2022\/11\/30\/la-presentacion-del-libro-la-maraton-la-metafora-de-mi-vida-con-raul-reina-en-informativos-umh-30-de-noviembre-de-2022\/","title":{"rendered":"<span lang=\"es\">(Espa\u00f1ol) La presentaci\u00f3n del libro &#8220;La marat\u00f3n la met\u00e1fora de mi vida&#8221; con Ra\u00fal Reina, en &#8220;Informativos UMH&#8221;, 30 de noviembre de 2022<\/span>"},"content":{"rendered":"<p class=\"qtranxs-available-languages-message qtranxs-available-languages-message-en\">Sorry, this entry is only available in <a href=\"https:\/\/radio.umh.es\/es\/wp-json\/wp\/v2\/posts\/85077\" class=\"qtranxs-available-language-link qtranxs-available-language-link-es\" title=\"Espa\u00f1ol\">European Spanish<\/a>.<\/p>","protected":false},"excerpt":{"rendered":"<p>Sorry, this entry is only available in European Spanish.<\/p>\n","protected":false},"author":5193,"featured_media":0,"comment_status":"closed","ping_status":"open","sticky":false,"template":"","format":"standard","meta":{"ngg_post_thumbnail":0,"_links_to":"","_links_to_target":""},"categories":[3878],"tags":[],"publishpress_future_action":{"enabled":false,"date":"1970-01-01 01:00:00","action":"","terms":[],"taxonomy":"","browser_timezone_offset":0},"_links":{"self":[{"href":"https:\/\/radio.umh.es\/en\/wp-json\/wp\/v2\/posts\/85077"}],"collection":[{"href":"https:\/\/radio.umh.es\/en\/wp-json\/wp\/v2\/posts"}],"about":[{"href":"https:\/\/radio.umh.es\/en\/wp-json\/wp\/v2\/types\/post"}],"author":[{"embeddable":true,"href":"https:\/\/radio.umh.es\/en\/wp-json\/wp\/v2\/users\/5193"}],"replies":[{"embeddable":true,"href":"https:\/\/radio.umh.es\/en\/wp-json\/wp\/v2\/comments?post=85077"}],"version-history":[{"count":0,"href":"https:\/\/radio.umh.es\/en\/wp-json\/wp\/v2\/posts\/85077\/revisions"}],"wp:attachment":[{"href":"https:\/\/radio.umh.es\/en\/wp-json\/wp\/v2\/media?parent=85077"}],"wp:term":[{"taxonomy":"category","embeddable":true,"href":"https:\/\/radio.umh.es\/en\/wp-json\/wp\/v2\/categories?post=85077"},{"taxonomy":"post_tag","embeddable":true,"href":"https:\/\/radio.umh.es\/en\/wp-json\/wp\/v2\/tags?post=85077"}],"curies":[{"name":"wp","href":"https:\/\/api.w.org\/{rel}","templated":true}]}}