{"id":87083,"date":"2023-03-22T12:05:00","date_gmt":"2023-03-22T11:05:00","guid":{"rendered":"https:\/\/radio.umh.es\/?p=87083"},"modified":"2023-03-14T14:29:25","modified_gmt":"2023-03-14T13:29:25","slug":"declaracion-institucional-de-ciudad-amiga-de-la-lactancia-materna-c-a-l-m-y-el-cuento-mama-ba-llena-de-leche-y-amor-en-lactancia-y-universidad-22-de-marzo-de-2023","status":"publish","type":"post","link":"https:\/\/radio.umh.es\/en\/2023\/03\/22\/declaracion-institucional-de-ciudad-amiga-de-la-lactancia-materna-c-a-l-m-y-el-cuento-mama-ba-llena-de-leche-y-amor-en-lactancia-y-universidad-22-de-marzo-de-2023\/","title":{"rendered":"<span lang=\"es\">(Espa\u00f1ol) Declaraci\u00f3n institucional de Ciudad Amiga de la Lactancia Materna C.A.L.M y el cuento &#8220;Mam\u00e1 Ba-llena de leche y amor&#8221;, en &#8220;Lactancia y universidad&#8221;, 22 de marzo de 2023<\/span>"},"content":{"rendered":"<p class=\"qtranxs-available-languages-message qtranxs-available-languages-message-en\">Sorry, this entry is only available in <a href=\"https:\/\/radio.umh.es\/es\/wp-json\/wp\/v2\/posts\/87083\" class=\"qtranxs-available-language-link qtranxs-available-language-link-es\" title=\"Espa\u00f1ol\">European Spanish<\/a>.<\/p>","protected":false},"excerpt":{"rendered":"<p>Sorry, this entry is only available in European Spanish.<\/p>\n","protected":false},"author":2931,"featured_media":0,"comment_status":"closed","ping_status":"open","sticky":false,"template":"","format":"standard","meta":{"ngg_post_thumbnail":0,"_links_to":"","_links_to_target":""},"categories":[42740],"tags":[1346231,1345846,42740,44327],"publishpress_future_action":{"enabled":false,"date":"1970-01-01 01:00:00","action":"","terms":[],"taxonomy":"","browser_timezone_offset":0},"_links":{"self":[{"href":"https:\/\/radio.umh.es\/en\/wp-json\/wp\/v2\/posts\/87083"}],"collection":[{"href":"https:\/\/radio.umh.es\/en\/wp-json\/wp\/v2\/posts"}],"about":[{"href":"https:\/\/radio.umh.es\/en\/wp-json\/wp\/v2\/types\/post"}],"author":[{"embeddable":true,"href":"https:\/\/radio.umh.es\/en\/wp-json\/wp\/v2\/users\/2931"}],"replies":[{"embeddable":true,"href":"https:\/\/radio.umh.es\/en\/wp-json\/wp\/v2\/comments?post=87083"}],"version-history":[{"count":0,"href":"https:\/\/radio.umh.es\/en\/wp-json\/wp\/v2\/posts\/87083\/revisions"}],"wp:attachment":[{"href":"https:\/\/radio.umh.es\/en\/wp-json\/wp\/v2\/media?parent=87083"}],"wp:term":[{"taxonomy":"category","embeddable":true,"href":"https:\/\/radio.umh.es\/en\/wp-json\/wp\/v2\/categories?post=87083"},{"taxonomy":"post_tag","embeddable":true,"href":"https:\/\/radio.umh.es\/en\/wp-json\/wp\/v2\/tags?post=87083"}],"curies":[{"name":"wp","href":"https:\/\/api.w.org\/{rel}","templated":true}]}}