{"id":88328,"date":"2023-04-28T14:09:35","date_gmt":"2023-04-28T12:09:35","guid":{"rendered":"https:\/\/radio.umh.es\/?p=88328"},"modified":"2023-05-15T13:27:25","modified_gmt":"2023-05-15T11:27:25","slug":"el-elche-buscara-reconciliarse-con-la-aficion-recibiendo-al-rayo-en-el-martinez-valero-en-alma-franjiverde-28-de-abril-de-2023","status":"publish","type":"post","link":"https:\/\/radio.umh.es\/en\/2023\/04\/28\/el-elche-buscara-reconciliarse-con-la-aficion-recibiendo-al-rayo-en-el-martinez-valero-en-alma-franjiverde-28-de-abril-de-2023\/","title":{"rendered":"<span lang=\"es\">(Espa\u00f1ol) El Elche buscar\u00e1 reconciliarse con la afici\u00f3n recibiendo al Rayo en el Mart\u00ednez Valero, en &#8220;Alma Franjiverde&#8221;, 28 de abril de 2023<\/span>"},"content":{"rendered":"<p class=\"qtranxs-available-languages-message qtranxs-available-languages-message-en\">Sorry, this entry is only available in <a href=\"https:\/\/radio.umh.es\/es\/wp-json\/wp\/v2\/posts\/88328\" class=\"qtranxs-available-language-link qtranxs-available-language-link-es\" title=\"Espa\u00f1ol\">European Spanish<\/a>.<\/p>","protected":false},"excerpt":{"rendered":"<p>Sorry, this entry is only available in European Spanish.<\/p>\n","protected":false},"author":24459,"featured_media":0,"comment_status":"closed","ping_status":"open","sticky":false,"template":"","format":"standard","meta":{"ngg_post_thumbnail":0,"_links_to":"","_links_to_target":""},"categories":[72212],"tags":[],"publishpress_future_action":{"enabled":false,"date":"1970-01-01 01:00:00","action":"","terms":[],"taxonomy":"","browser_timezone_offset":0},"_links":{"self":[{"href":"https:\/\/radio.umh.es\/en\/wp-json\/wp\/v2\/posts\/88328"}],"collection":[{"href":"https:\/\/radio.umh.es\/en\/wp-json\/wp\/v2\/posts"}],"about":[{"href":"https:\/\/radio.umh.es\/en\/wp-json\/wp\/v2\/types\/post"}],"author":[{"embeddable":true,"href":"https:\/\/radio.umh.es\/en\/wp-json\/wp\/v2\/users\/24459"}],"replies":[{"embeddable":true,"href":"https:\/\/radio.umh.es\/en\/wp-json\/wp\/v2\/comments?post=88328"}],"version-history":[{"count":0,"href":"https:\/\/radio.umh.es\/en\/wp-json\/wp\/v2\/posts\/88328\/revisions"}],"wp:attachment":[{"href":"https:\/\/radio.umh.es\/en\/wp-json\/wp\/v2\/media?parent=88328"}],"wp:term":[{"taxonomy":"category","embeddable":true,"href":"https:\/\/radio.umh.es\/en\/wp-json\/wp\/v2\/categories?post=88328"},{"taxonomy":"post_tag","embeddable":true,"href":"https:\/\/radio.umh.es\/en\/wp-json\/wp\/v2\/tags?post=88328"}],"curies":[{"name":"wp","href":"https:\/\/api.w.org\/{rel}","templated":true}]}}