{"id":91506,"date":"2023-10-20T12:05:36","date_gmt":"2023-10-20T10:05:36","guid":{"rendered":"https:\/\/radio.umh.es\/?p=91506"},"modified":"2023-10-20T14:22:36","modified_gmt":"2023-10-20T12:22:36","slug":"les-activitats-de-benvinguda-del-curs-academic-2023-2024-i-la-mostra-de-musica-en-valencia-en-extiendete-20-de-octubre-de-2023","status":"publish","type":"post","link":"https:\/\/radio.umh.es\/en\/2023\/10\/20\/les-activitats-de-benvinguda-del-curs-academic-2023-2024-i-la-mostra-de-musica-en-valencia-en-extiendete-20-de-octubre-de-2023\/","title":{"rendered":"<span lang=\"es\">(Espa\u00f1ol) Les activitats de benvinguda del curs acad\u00e8mic 2023-2024 i la mostra de m\u00fasica en valenci\u00e0, en &#8220;Exti\u00e9ndete&#8221;, 20 de octubre de 2023<\/span>"},"content":{"rendered":"<p class=\"qtranxs-available-languages-message qtranxs-available-languages-message-en\">Sorry, this entry is only available in <a href=\"https:\/\/radio.umh.es\/es\/wp-json\/wp\/v2\/posts\/91506\" class=\"qtranxs-available-language-link qtranxs-available-language-link-es\" title=\"Espa\u00f1ol\">European Spanish<\/a>.<\/p>","protected":false},"excerpt":{"rendered":"<p>Sorry, this entry is only available in European Spanish.<\/p>\n","protected":false},"author":2931,"featured_media":0,"comment_status":"closed","ping_status":"open","sticky":false,"template":"","format":"standard","meta":{"ngg_post_thumbnail":0,"_links_to":"","_links_to_target":""},"categories":[3691],"tags":[],"publishpress_future_action":{"enabled":false,"date":"1970-01-01 01:00:00","action":"","terms":[],"taxonomy":"","browser_timezone_offset":0},"_links":{"self":[{"href":"https:\/\/radio.umh.es\/en\/wp-json\/wp\/v2\/posts\/91506"}],"collection":[{"href":"https:\/\/radio.umh.es\/en\/wp-json\/wp\/v2\/posts"}],"about":[{"href":"https:\/\/radio.umh.es\/en\/wp-json\/wp\/v2\/types\/post"}],"author":[{"embeddable":true,"href":"https:\/\/radio.umh.es\/en\/wp-json\/wp\/v2\/users\/2931"}],"replies":[{"embeddable":true,"href":"https:\/\/radio.umh.es\/en\/wp-json\/wp\/v2\/comments?post=91506"}],"version-history":[{"count":0,"href":"https:\/\/radio.umh.es\/en\/wp-json\/wp\/v2\/posts\/91506\/revisions"}],"wp:attachment":[{"href":"https:\/\/radio.umh.es\/en\/wp-json\/wp\/v2\/media?parent=91506"}],"wp:term":[{"taxonomy":"category","embeddable":true,"href":"https:\/\/radio.umh.es\/en\/wp-json\/wp\/v2\/categories?post=91506"},{"taxonomy":"post_tag","embeddable":true,"href":"https:\/\/radio.umh.es\/en\/wp-json\/wp\/v2\/tags?post=91506"}],"curies":[{"name":"wp","href":"https:\/\/api.w.org\/{rel}","templated":true}]}}