{"id":286890,"count":2,"description":"","link":"https:\/\/radio.umh.es\/en\/tag\/guia-juridica-basica-frente-al-covid-19\/","name":"Gu\u00eda jur\u00eddica b\u00e1sica frente al COVID-19","slug":"guia-juridica-basica-frente-al-covid-19","taxonomy":"post_tag","meta":[],"_links":{"self":[{"href":"https:\/\/radio.umh.es\/en\/wp-json\/wp\/v2\/tags\/286890"}],"collection":[{"href":"https:\/\/radio.umh.es\/en\/wp-json\/wp\/v2\/tags"}],"about":[{"href":"https:\/\/radio.umh.es\/en\/wp-json\/wp\/v2\/taxonomies\/post_tag"}],"wp:post_type":[{"href":"https:\/\/radio.umh.es\/en\/wp-json\/wp\/v2\/posts?tags=286890"}],"curies":[{"name":"wp","href":"https:\/\/api.w.org\/{rel}","templated":true}]}}