{"id":51196,"count":1,"description":"","link":"https:\/\/radio.umh.es\/en\/tag\/seleccion-espanola-futbol-sala\/","name":"Selecci\u00f3n espa\u00f1ola f\u00fatbol sala","slug":"seleccion-espanola-futbol-sala","taxonomy":"post_tag","meta":[],"_links":{"self":[{"href":"https:\/\/radio.umh.es\/en\/wp-json\/wp\/v2\/tags\/51196"}],"collection":[{"href":"https:\/\/radio.umh.es\/en\/wp-json\/wp\/v2\/tags"}],"about":[{"href":"https:\/\/radio.umh.es\/en\/wp-json\/wp\/v2\/taxonomies\/post_tag"}],"wp:post_type":[{"href":"https:\/\/radio.umh.es\/en\/wp-json\/wp\/v2\/posts?tags=51196"}],"curies":[{"name":"wp","href":"https:\/\/api.w.org\/{rel}","templated":true}]}}